{"id":59756,"date":"2025-11-12T15:05:31","date_gmt":"2025-11-12T15:05:31","guid":{"rendered":"https:\/\/kid.org.tr\/?p=59756"},"modified":"2025-11-21T17:00:17","modified_gmt":"2025-11-21T17:00:17","slug":"konusmacilarimiz-ekonomiye-yon-veren-kolejliler-ii","status":"publish","type":"post","link":"https:\/\/kid.org.tr\/en\/2025\/11\/12\/konusmacilarimiz-ekonomiye-yon-veren-kolejliler-ii\/","title":{"rendered":"Konu\u015fmac\u0131lar\u0131m\u0131z-Ekonomiye Y\u00f6n Veren Kolejliler II"},"content":{"rendered":"<div class=\"wpb-content-wrapper\"><div class=\"vc_row wpb_row vc_row-fluid vc_custom_1474104121600\"><div class=\"wpb_column vc_column_container vc_col-sm-12\"><div class=\"vc_column-inner\"><div class=\"wpb_wrapper\">\n\t<div class=\"wpb_text_column wpb_content_element  vc_custom_1763737623135\" >\n\t\t<div class=\"wpb_wrapper\">\n\t\t\t<div class=\"xdj266r x11i5rnm xat24cr x1mh8g0r x1vvkbs x126k92a\">\n<div dir=\"auto\">\n<div class=\"\" data-block=\"true\" data-editor=\"3nmn9\" data-offset-key=\"d3rd7-0-0\">\n<div class=\"_1mf _1mj\" data-offset-key=\"d3rd7-0-0\">\n<div dir=\"auto\">\n<div class=\"xdj266r x11i5rnm xat24cr x1mh8g0r x1vvkbs x126k92a\">\n<div dir=\"auto\">\n<div class=\"xdj266r x11i5rnm xat24cr x1mh8g0r x1vvkbs x126k92a\">\n<div dir=\"auto\">\n<p>Cumhuriyetin 102. y\u0131l\u0131nda, &#8220;Ekonomiye Y\u00f6n Veren Kolejliler II&#8221; etkinli\u011fine davetlisiniz. Her biri kendi alanlar\u0131nda uzman olan profesyonellerin yer alaca\u011f\u0131, 2 oturum halinde ger\u00e7ekle\u015fecek panelimize kat\u0131lmak i\u00e7in bizimle ileti\u015fime ge\u00e7in!<\/p>\n<p>Program<br \/>\n14.30-15.00 &#8211; Kay\u0131t<br \/>\n15.30-17.00 &#8211; 1. Oturum<br \/>\n17.00-17.30 &#8211; Coffee Break<br \/>\n17.30-19.00 &#8211; 2. Oturum<br \/>\n19.00-21.30 &#8211; Kokteyl<\/p>\n<p>LCV i\u00e7in; 0530 291 91 77<br \/>\n(25 Kas\u0131m&#8217;a kadar)<\/p>\n<\/div>\n<\/div>\n<\/div>\n<\/div>\n<\/div>\n<\/div>\n<\/div>\n<\/div>\n<\/div>\n\n\t\t<\/div>\n\t<\/div>\n<\/div><\/div><\/div><\/div>\n<\/div>","protected":false},"excerpt":{"rendered":"<p>Nam id sem quis mauris porttitor consequat id vitae dolor. Phasellus ligula, molestie mi at pharetra.<\/p>","protected":false},"author":1,"featured_media":59767,"comment_status":"closed","ping_status":"open","sticky":false,"template":"","format":"standard","meta":{"footnotes":""},"categories":[523],"tags":[],"class_list":["post-59756","post","type-post","status-publish","format-standard","has-post-thumbnail","hentry","category-haberler","category-523","description-off"],"aioseo_notices":[],"aioseo_head":"\n\t\t<!-- All in One SEO 5.0.1.1 - aioseo.com -->\n\t<meta name=\"description\" content=\"Nam id sem quis mauris porttitor consequat id vitae dolor. Phasellus ligula, molestie mi at pharetra.\" \/>\n\t<meta name=\"robots\" content=\"max-image-preview:large\" \/>\n\t<meta name=\"author\" content=\"admin\"\/>\n\t<link rel=\"canonical\" href=\"https:\/\/kid.org.tr\/en\/2025\/11\/12\/konusmacilarimiz-ekonomiye-yon-veren-kolejliler-ii\/\" \/>\n\t<meta name=\"generator\" content=\"All in One SEO (AIOSEO) 5.0.1.1\" \/>\n\t\t<meta property=\"og:locale\" content=\"en_US\" \/>\n\t\t<meta property=\"og:site_name\" content=\"Kolejli \u0130\u015f \u0130nsanlar\u0131 Derne\u011fi - Kolejli \u0130\u015f \u0130nsanlar\u0131 Derne\u011fi\" \/>\n\t\t<meta property=\"og:type\" content=\"article\" \/>\n\t\t<meta property=\"og:title\" content=\"Konu\u015fmac\u0131lar\u0131m\u0131z-Ekonomiye Y\u00f6n Veren Kolejliler II - Kolejli \u0130\u015f \u0130nsanlar\u0131 Derne\u011fi\" \/>\n\t\t<meta property=\"og:description\" content=\"Nam id sem quis mauris porttitor consequat id vitae dolor. Phasellus ligula, molestie mi at pharetra.\" \/>\n\t\t<meta property=\"og:url\" content=\"https:\/\/kid.org.tr\/en\/2025\/11\/12\/konusmacilarimiz-ekonomiye-yon-veren-kolejliler-ii\/\" \/>\n\t\t<meta property=\"article:published_time\" content=\"2025-11-12T15:05:31+00:00\" \/>\n\t\t<meta property=\"article:modified_time\" content=\"2025-11-21T17:00:17+00:00\" \/>\n\t\t<meta name=\"twitter:card\" content=\"summary_large_image\" \/>\n\t\t<meta name=\"twitter:title\" content=\"Konu\u015fmac\u0131lar\u0131m\u0131z-Ekonomiye Y\u00f6n Veren Kolejliler II - Kolejli \u0130\u015f \u0130nsanlar\u0131 Derne\u011fi\" \/>\n\t\t<meta name=\"twitter:description\" content=\"Nam id sem quis mauris porttitor consequat id vitae dolor. Phasellus ligula, molestie mi at pharetra.\" \/>\n\t\t<script type=\"application\/ld+json\" class=\"aioseo-schema\">\n\t\t\t{\"@context\":\"https:\\\/\\\/schema.org\",\"@graph\":[{\"@type\":\"BlogPosting\",\"@id\":\"https:\\\/\\\/kid.org.tr\\\/en\\\/2025\\\/11\\\/12\\\/konusmacilarimiz-ekonomiye-yon-veren-kolejliler-ii\\\/#blogposting\",\"name\":\"Konu\\u015fmac\\u0131lar\\u0131m\\u0131z-Ekonomiye Y\\u00f6n Veren Kolejliler II - Kolejli \\u0130\\u015f \\u0130nsanlar\\u0131 Derne\\u011fi\",\"headline\":\"Konu\\u015fmac\\u0131lar\\u0131m\\u0131z-Ekonomiye Y\\u00f6n Veren Kolejliler II\",\"author\":{\"@id\":\"https:\\\/\\\/kid.org.tr\\\/en\\\/author\\\/admin\\\/#author\"},\"publisher\":{\"@id\":\"https:\\\/\\\/kid.org.tr\\\/en\\\/#organization\"},\"image\":{\"@type\":\"ImageObject\",\"url\":\"https:\\\/\\\/kid.org.tr\\\/wp-content\\\/uploads\\\/2025\\\/11\\\/haberler-konusmaci.jpg\",\"width\":768,\"height\":508},\"datePublished\":\"2025-11-12T15:05:31+00:00\",\"dateModified\":\"2025-11-21T17:00:17+00:00\",\"inLanguage\":\"en-US\",\"mainEntityOfPage\":{\"@id\":\"https:\\\/\\\/kid.org.tr\\\/en\\\/2025\\\/11\\\/12\\\/konusmacilarimiz-ekonomiye-yon-veren-kolejliler-ii\\\/#webpage\"},\"isPartOf\":{\"@id\":\"https:\\\/\\\/kid.org.tr\\\/en\\\/2025\\\/11\\\/12\\\/konusmacilarimiz-ekonomiye-yon-veren-kolejliler-ii\\\/#webpage\"},\"articleSection\":\"Haberler\"},{\"@type\":\"BreadcrumbList\",\"@id\":\"https:\\\/\\\/kid.org.tr\\\/en\\\/2025\\\/11\\\/12\\\/konusmacilarimiz-ekonomiye-yon-veren-kolejliler-ii\\\/#breadcrumblist\",\"itemListElement\":[{\"@type\":\"ListItem\",\"@id\":\"https:\\\/\\\/kid.org.tr\\\/en#listItem\",\"position\":1,\"name\":\"Home\",\"item\":\"https:\\\/\\\/kid.org.tr\\\/en\",\"nextItem\":{\"@type\":\"ListItem\",\"@id\":\"https:\\\/\\\/kid.org.tr\\\/en\\\/category\\\/haberler\\\/#listItem\",\"name\":\"Haberler\"}},{\"@type\":\"ListItem\",\"@id\":\"https:\\\/\\\/kid.org.tr\\\/en\\\/category\\\/haberler\\\/#listItem\",\"position\":2,\"name\":\"Haberler\",\"item\":\"https:\\\/\\\/kid.org.tr\\\/en\\\/category\\\/haberler\\\/\",\"nextItem\":{\"@type\":\"ListItem\",\"@id\":\"https:\\\/\\\/kid.org.tr\\\/en\\\/2025\\\/11\\\/12\\\/konusmacilarimiz-ekonomiye-yon-veren-kolejliler-ii\\\/#listItem\",\"name\":\"Konu\\u015fmac\\u0131lar\\u0131m\\u0131z-Ekonomiye Y\\u00f6n Veren Kolejliler II\"},\"previousItem\":{\"@type\":\"ListItem\",\"@id\":\"https:\\\/\\\/kid.org.tr\\\/en#listItem\",\"name\":\"Home\"}},{\"@type\":\"ListItem\",\"@id\":\"https:\\\/\\\/kid.org.tr\\\/en\\\/2025\\\/11\\\/12\\\/konusmacilarimiz-ekonomiye-yon-veren-kolejliler-ii\\\/#listItem\",\"position\":3,\"name\":\"Konu\\u015fmac\\u0131lar\\u0131m\\u0131z-Ekonomiye Y\\u00f6n Veren Kolejliler II\",\"previousItem\":{\"@type\":\"ListItem\",\"@id\":\"https:\\\/\\\/kid.org.tr\\\/en\\\/category\\\/haberler\\\/#listItem\",\"name\":\"Haberler\"}}]},{\"@type\":\"Organization\",\"@id\":\"https:\\\/\\\/kid.org.tr\\\/en\\\/#organization\",\"name\":\"Kolejli \\u0130\\u015f \\u0130nsanlar\\u0131 Derne\\u011fi\",\"description\":\"Kolejli \\u0130\\u015f \\u0130nsanlar\\u0131 Derne\\u011fi\",\"url\":\"https:\\\/\\\/kid.org.tr\\\/en\\\/\"},{\"@type\":\"Person\",\"@id\":\"https:\\\/\\\/kid.org.tr\\\/en\\\/author\\\/admin\\\/#author\",\"url\":\"https:\\\/\\\/kid.org.tr\\\/en\\\/author\\\/admin\\\/\",\"name\":\"admin\",\"image\":{\"@type\":\"ImageObject\",\"@id\":\"https:\\\/\\\/kid.org.tr\\\/en\\\/2025\\\/11\\\/12\\\/konusmacilarimiz-ekonomiye-yon-veren-kolejliler-ii\\\/#authorImage\",\"url\":\"https:\\\/\\\/secure.gravatar.com\\\/avatar\\\/279ea3eaeb1dabb3c19cfdb865182c618412b21976b492713b3b8136ef846045?s=96&d=mm&r=g\",\"width\":96,\"height\":96,\"caption\":\"admin\"}},{\"@type\":\"WebPage\",\"@id\":\"https:\\\/\\\/kid.org.tr\\\/en\\\/2025\\\/11\\\/12\\\/konusmacilarimiz-ekonomiye-yon-veren-kolejliler-ii\\\/#webpage\",\"url\":\"https:\\\/\\\/kid.org.tr\\\/en\\\/2025\\\/11\\\/12\\\/konusmacilarimiz-ekonomiye-yon-veren-kolejliler-ii\\\/\",\"name\":\"Konu\\u015fmac\\u0131lar\\u0131m\\u0131z-Ekonomiye Y\\u00f6n Veren Kolejliler II - Kolejli \\u0130\\u015f \\u0130nsanlar\\u0131 Derne\\u011fi\",\"description\":\"Nam id sem quis mauris porttitor consequat id vitae dolor. Phasellus ligula, molestie mi at pharetra.\",\"inLanguage\":\"en-US\",\"isPartOf\":{\"@id\":\"https:\\\/\\\/kid.org.tr\\\/en\\\/#website\"},\"breadcrumb\":{\"@id\":\"https:\\\/\\\/kid.org.tr\\\/en\\\/2025\\\/11\\\/12\\\/konusmacilarimiz-ekonomiye-yon-veren-kolejliler-ii\\\/#breadcrumblist\"},\"author\":{\"@id\":\"https:\\\/\\\/kid.org.tr\\\/en\\\/author\\\/admin\\\/#author\"},\"creator\":{\"@id\":\"https:\\\/\\\/kid.org.tr\\\/en\\\/author\\\/admin\\\/#author\"},\"image\":{\"@type\":\"ImageObject\",\"url\":\"https:\\\/\\\/kid.org.tr\\\/wp-content\\\/uploads\\\/2025\\\/11\\\/haberler-konusmaci.jpg\",\"@id\":\"https:\\\/\\\/kid.org.tr\\\/en\\\/2025\\\/11\\\/12\\\/konusmacilarimiz-ekonomiye-yon-veren-kolejliler-ii\\\/#mainImage\",\"width\":768,\"height\":508},\"primaryImageOfPage\":{\"@id\":\"https:\\\/\\\/kid.org.tr\\\/en\\\/2025\\\/11\\\/12\\\/konusmacilarimiz-ekonomiye-yon-veren-kolejliler-ii\\\/#mainImage\"},\"datePublished\":\"2025-11-12T15:05:31+00:00\",\"dateModified\":\"2025-11-21T17:00:17+00:00\"},{\"@type\":\"WebSite\",\"@id\":\"https:\\\/\\\/kid.org.tr\\\/en\\\/#website\",\"url\":\"https:\\\/\\\/kid.org.tr\\\/en\\\/\",\"name\":\"Kolejli \\u0130\\u015f \\u0130nsanlar\\u0131 Derne\\u011fi\",\"description\":\"Kolejli \\u0130\\u015f \\u0130nsanlar\\u0131 Derne\\u011fi\",\"inLanguage\":\"en-US\",\"publisher\":{\"@id\":\"https:\\\/\\\/kid.org.tr\\\/en\\\/#organization\"}}]}\n\t\t<\/script>\n\t\t<!-- All in One SEO -->\n\n","aioseo_head_json":{"title":"Konu\u015fmac\u0131lar\u0131m\u0131z-Ekonomiye Y\u00f6n Veren Kolejliler II - Kolejli \u0130\u015f \u0130nsanlar\u0131 Derne\u011fi","description":"Nam id sem quis mauris porttitor consequat id vitae dolor. Phasellus ligula, molestie mi at pharetra.","canonical_url":"https:\/\/kid.org.tr\/en\/2025\/11\/12\/konusmacilarimiz-ekonomiye-yon-veren-kolejliler-ii\/","robots":"max-image-preview:large","keywords":"","webmasterTools":{"miscellaneous":""},"schema":{"@context":"https:\/\/schema.org","@graph":[{"@type":"BlogPosting","@id":"https:\/\/kid.org.tr\/en\/2025\/11\/12\/konusmacilarimiz-ekonomiye-yon-veren-kolejliler-ii\/#blogposting","name":"Konu\u015fmac\u0131lar\u0131m\u0131z-Ekonomiye Y\u00f6n Veren Kolejliler II - Kolejli \u0130\u015f \u0130nsanlar\u0131 Derne\u011fi","headline":"Konu\u015fmac\u0131lar\u0131m\u0131z-Ekonomiye Y\u00f6n Veren Kolejliler II","author":{"@id":"https:\/\/kid.org.tr\/en\/author\/admin\/#author"},"publisher":{"@id":"https:\/\/kid.org.tr\/en\/#organization"},"image":{"@type":"ImageObject","url":"https:\/\/kid.org.tr\/wp-content\/uploads\/2025\/11\/haberler-konusmaci.jpg","width":768,"height":508},"datePublished":"2025-11-12T15:05:31+00:00","dateModified":"2025-11-21T17:00:17+00:00","inLanguage":"en-US","mainEntityOfPage":{"@id":"https:\/\/kid.org.tr\/en\/2025\/11\/12\/konusmacilarimiz-ekonomiye-yon-veren-kolejliler-ii\/#webpage"},"isPartOf":{"@id":"https:\/\/kid.org.tr\/en\/2025\/11\/12\/konusmacilarimiz-ekonomiye-yon-veren-kolejliler-ii\/#webpage"},"articleSection":"Haberler"},{"@type":"BreadcrumbList","@id":"https:\/\/kid.org.tr\/en\/2025\/11\/12\/konusmacilarimiz-ekonomiye-yon-veren-kolejliler-ii\/#breadcrumblist","itemListElement":[{"@type":"ListItem","@id":"https:\/\/kid.org.tr\/en#listItem","position":1,"name":"Home","item":"https:\/\/kid.org.tr\/en","nextItem":{"@type":"ListItem","@id":"https:\/\/kid.org.tr\/en\/category\/haberler\/#listItem","name":"Haberler"}},{"@type":"ListItem","@id":"https:\/\/kid.org.tr\/en\/category\/haberler\/#listItem","position":2,"name":"Haberler","item":"https:\/\/kid.org.tr\/en\/category\/haberler\/","nextItem":{"@type":"ListItem","@id":"https:\/\/kid.org.tr\/en\/2025\/11\/12\/konusmacilarimiz-ekonomiye-yon-veren-kolejliler-ii\/#listItem","name":"Konu\u015fmac\u0131lar\u0131m\u0131z-Ekonomiye Y\u00f6n Veren Kolejliler II"},"previousItem":{"@type":"ListItem","@id":"https:\/\/kid.org.tr\/en#listItem","name":"Home"}},{"@type":"ListItem","@id":"https:\/\/kid.org.tr\/en\/2025\/11\/12\/konusmacilarimiz-ekonomiye-yon-veren-kolejliler-ii\/#listItem","position":3,"name":"Konu\u015fmac\u0131lar\u0131m\u0131z-Ekonomiye Y\u00f6n Veren Kolejliler II","previousItem":{"@type":"ListItem","@id":"https:\/\/kid.org.tr\/en\/category\/haberler\/#listItem","name":"Haberler"}}]},{"@type":"Organization","@id":"https:\/\/kid.org.tr\/en\/#organization","name":"Kolejli \u0130\u015f \u0130nsanlar\u0131 Derne\u011fi","description":"Kolejli \u0130\u015f \u0130nsanlar\u0131 Derne\u011fi","url":"https:\/\/kid.org.tr\/en\/"},{"@type":"Person","@id":"https:\/\/kid.org.tr\/en\/author\/admin\/#author","url":"https:\/\/kid.org.tr\/en\/author\/admin\/","name":"admin","image":{"@type":"ImageObject","@id":"https:\/\/kid.org.tr\/en\/2025\/11\/12\/konusmacilarimiz-ekonomiye-yon-veren-kolejliler-ii\/#authorImage","url":"https:\/\/secure.gravatar.com\/avatar\/279ea3eaeb1dabb3c19cfdb865182c618412b21976b492713b3b8136ef846045?s=96&d=mm&r=g","width":96,"height":96,"caption":"admin"}},{"@type":"WebPage","@id":"https:\/\/kid.org.tr\/en\/2025\/11\/12\/konusmacilarimiz-ekonomiye-yon-veren-kolejliler-ii\/#webpage","url":"https:\/\/kid.org.tr\/en\/2025\/11\/12\/konusmacilarimiz-ekonomiye-yon-veren-kolejliler-ii\/","name":"Konu\u015fmac\u0131lar\u0131m\u0131z-Ekonomiye Y\u00f6n Veren Kolejliler II - Kolejli \u0130\u015f \u0130nsanlar\u0131 Derne\u011fi","description":"Nam id sem quis mauris porttitor consequat id vitae dolor. Phasellus ligula, molestie mi at pharetra.","inLanguage":"en-US","isPartOf":{"@id":"https:\/\/kid.org.tr\/en\/#website"},"breadcrumb":{"@id":"https:\/\/kid.org.tr\/en\/2025\/11\/12\/konusmacilarimiz-ekonomiye-yon-veren-kolejliler-ii\/#breadcrumblist"},"author":{"@id":"https:\/\/kid.org.tr\/en\/author\/admin\/#author"},"creator":{"@id":"https:\/\/kid.org.tr\/en\/author\/admin\/#author"},"image":{"@type":"ImageObject","url":"https:\/\/kid.org.tr\/wp-content\/uploads\/2025\/11\/haberler-konusmaci.jpg","@id":"https:\/\/kid.org.tr\/en\/2025\/11\/12\/konusmacilarimiz-ekonomiye-yon-veren-kolejliler-ii\/#mainImage","width":768,"height":508},"primaryImageOfPage":{"@id":"https:\/\/kid.org.tr\/en\/2025\/11\/12\/konusmacilarimiz-ekonomiye-yon-veren-kolejliler-ii\/#mainImage"},"datePublished":"2025-11-12T15:05:31+00:00","dateModified":"2025-11-21T17:00:17+00:00"},{"@type":"WebSite","@id":"https:\/\/kid.org.tr\/en\/#website","url":"https:\/\/kid.org.tr\/en\/","name":"Kolejli \u0130\u015f \u0130nsanlar\u0131 Derne\u011fi","description":"Kolejli \u0130\u015f \u0130nsanlar\u0131 Derne\u011fi","inLanguage":"en-US","publisher":{"@id":"https:\/\/kid.org.tr\/en\/#organization"}}]},"og:locale":"en_US","og:site_name":"Kolejli \u0130\u015f \u0130nsanlar\u0131 Derne\u011fi - Kolejli \u0130\u015f \u0130nsanlar\u0131 Derne\u011fi","og:type":"article","og:title":"Konu\u015fmac\u0131lar\u0131m\u0131z-Ekonomiye Y\u00f6n Veren Kolejliler II - Kolejli \u0130\u015f \u0130nsanlar\u0131 Derne\u011fi","og:description":"Nam id sem quis mauris porttitor consequat id vitae dolor. Phasellus ligula, molestie mi at pharetra.","og:url":"https:\/\/kid.org.tr\/en\/2025\/11\/12\/konusmacilarimiz-ekonomiye-yon-veren-kolejliler-ii\/","article:published_time":"2025-11-12T15:05:31+00:00","article:modified_time":"2025-11-21T17:00:17+00:00","twitter:card":"summary_large_image","twitter:title":"Konu\u015fmac\u0131lar\u0131m\u0131z-Ekonomiye Y\u00f6n Veren Kolejliler II - Kolejli \u0130\u015f \u0130nsanlar\u0131 Derne\u011fi","twitter:description":"Nam id sem quis mauris porttitor consequat id vitae dolor. Phasellus ligula, molestie mi at pharetra."},"aioseo_meta_data":{"post_id":"59756","title":"#post_title #separator_sa #site_title","description":"#post_excerpt","keywords":null,"keyphrases":{"focus":{"keyphrase":"","score":0,"analysis":{"keyphraseInTitle":{"score":0,"maxScore":9,"error":1}}},"additional":[]},"primary_term":null,"canonical_url":null,"og_title":null,"og_description":null,"og_object_type":"default","og_image_type":"default","og_image_url":null,"og_image_width":null,"og_image_height":null,"og_image_custom_url":null,"og_image_custom_fields":null,"og_video":"","og_custom_url":null,"og_article_section":null,"og_article_tags":null,"twitter_use_og":false,"twitter_card":"default","twitter_image_type":"default","twitter_image_url":null,"twitter_image_custom_url":null,"twitter_image_custom_fields":null,"twitter_title":null,"twitter_description":null,"schema":{"blockGraphs":[],"customGraphs":[],"default":{"data":{"Article":[],"Course":[],"Dataset":[],"FAQPage":[],"Movie":[],"Person":[],"Product":[],"ProductReview":[],"Car":[],"Recipe":[],"Service":[],"SoftwareApplication":[],"WebPage":[]},"graphName":"BlogPosting","isEnabled":true},"graphs":[]},"schema_type":"default","schema_type_options":null,"pillar_content":false,"robots_default":true,"robots_noindex":false,"robots_noarchive":false,"robots_nosnippet":false,"robots_nofollow":false,"robots_noimageindex":false,"robots_noodp":false,"robots_notranslate":false,"robots_max_snippet":"-1","robots_max_videopreview":"-1","robots_max_imagepreview":"large","priority":null,"frequency":"default","local_seo":null,"breadcrumb_settings":null,"limit_modified_date":false,"ai":{"faqs":[],"keyPoints":[],"titles":[],"descriptions":[],"socialPosts":{"email":[],"linkedin":[],"twitter":[],"facebook":[],"instagram":[]}},"created":"2025-11-21 15:06:32","updated":"2025-11-21 17:05:31","seo_analyzer_scan_date":null,"focus_keyword":null,"additional_keywords":null,"truseo_locale":null},"aioseo_breadcrumb":"<div class=\"aioseo-breadcrumbs\"><span class=\"aioseo-breadcrumb\">\n\t\t\t<a href=\"https:\/\/kid.org.tr\/en\" title=\"Home\">Home<\/a>\n\t\t<\/span><span class=\"aioseo-breadcrumb-separator\">&raquo;<\/span><span class=\"aioseo-breadcrumb\">\n\t\t\t<a href=\"https:\/\/kid.org.tr\/en\/category\/haberler\/\" title=\"Haberler\">Haberler<\/a>\n\t\t<\/span><span class=\"aioseo-breadcrumb-separator\">&raquo;<\/span><span class=\"aioseo-breadcrumb\">\n\t\t\tKonu\u015fmac\u0131lar\u0131m\u0131z-Ekonomiye Y\u00f6n Veren Kolejliler II\n\t\t<\/span><\/div>","aioseo_breadcrumb_json":[{"label":"Home","link":"https:\/\/kid.org.tr\/en"},{"label":"Haberler","link":"https:\/\/kid.org.tr\/en\/category\/haberler\/"},{"label":"Konu\u015fmac\u0131lar\u0131m\u0131z-Ekonomiye Y\u00f6n Veren Kolejliler II","link":"https:\/\/kid.org.tr\/en\/2025\/11\/12\/konusmacilarimiz-ekonomiye-yon-veren-kolejliler-ii\/"}],"_links":{"self":[{"href":"https:\/\/kid.org.tr\/en\/wp-json\/wp\/v2\/posts\/59756","targetHints":{"allow":["GET"]}}],"collection":[{"href":"https:\/\/kid.org.tr\/en\/wp-json\/wp\/v2\/posts"}],"about":[{"href":"https:\/\/kid.org.tr\/en\/wp-json\/wp\/v2\/types\/post"}],"author":[{"embeddable":true,"href":"https:\/\/kid.org.tr\/en\/wp-json\/wp\/v2\/users\/1"}],"replies":[{"embeddable":true,"href":"https:\/\/kid.org.tr\/en\/wp-json\/wp\/v2\/comments?post=59756"}],"version-history":[{"count":3,"href":"https:\/\/kid.org.tr\/en\/wp-json\/wp\/v2\/posts\/59756\/revisions"}],"predecessor-version":[{"id":59760,"href":"https:\/\/kid.org.tr\/en\/wp-json\/wp\/v2\/posts\/59756\/revisions\/59760"}],"wp:featuredmedia":[{"embeddable":true,"href":"https:\/\/kid.org.tr\/en\/wp-json\/wp\/v2\/media\/59767"}],"wp:attachment":[{"href":"https:\/\/kid.org.tr\/en\/wp-json\/wp\/v2\/media?parent=59756"}],"wp:term":[{"taxonomy":"category","embeddable":true,"href":"https:\/\/kid.org.tr\/en\/wp-json\/wp\/v2\/categories?post=59756"},{"taxonomy":"post_tag","embeddable":true,"href":"https:\/\/kid.org.tr\/en\/wp-json\/wp\/v2\/tags?post=59756"}],"curies":[{"name":"wp","href":"https:\/\/api.w.org\/{rel}","templated":true}]}}